{"id":2143,"date":"2024-05-21T17:15:14","date_gmt":"2024-05-21T20:15:14","guid":{"rendered":"https:\/\/mgieada.com.br\/site\/?p=2143"},"modified":"2024-05-21T17:15:21","modified_gmt":"2024-05-21T20:15:21","slug":"vigilia-na-assembleia-de-deus-em-alcantara-no-mgieada-vila-3","status":"publish","type":"post","link":"https:\/\/mgieada.com.br\/site\/vigilia-na-assembleia-de-deus-em-alcantara-no-mgieada-vila-3\/","title":{"rendered":"VIG\u00cdLIA NA ASSEMBLEIA DE DEUS EM ALC\u00c2NTARA NO MGIEADA VILA 3"},"content":{"rendered":"\n<p>No <strong>m\u00eas de maio<\/strong> <strong>deste corrente ano<\/strong>, teremos em nossa <strong>Filial Vila 3<\/strong> localizada na <strong>Rua Manoel Ivo, 33 &#8211; Vila 3 &#8211; S\u00e3o Gon\u00e7alo\/ RJ;<\/strong> Uma grande<strong> vig\u00edlia<\/strong> organizada pela <strong>UAADA<\/strong>.<\/p>\n\n\n\n<p>Ir\u00e1 acontecer no <strong>dia 29<\/strong> e daremos in\u00edcio \u00e0s <strong>23h<\/strong>. <\/p>\n\n\n\n<p>Ser\u00e1 uma vig\u00edlia aben\u00e7oada, com participa\u00e7\u00f5es especiais dos cantores, <strong>Maria Lu\u00edza, Samuel Silva, Carla Montosane, Pedro Lucas e Fabiana Vicente.<\/strong><\/p>\n\n\n\n<figure class=\"wp-block-image size-large is-resized\"><img loading=\"lazy\" decoding=\"async\" width=\"796\" height=\"1024\" src=\"https:\/\/mgieada.com.br\/site\/wp-content\/uploads\/2024\/05\/WhatsApp-Image-2024-05-21-at-12.18.27-796x1024.jpeg\" alt=\"\" class=\"wp-image-2144\" style=\"width:1141px;height:auto\" srcset=\"https:\/\/mgieada.com.br\/site\/wp-content\/uploads\/2024\/05\/WhatsApp-Image-2024-05-21-at-12.18.27-796x1024.jpeg 796w, https:\/\/mgieada.com.br\/site\/wp-content\/uploads\/2024\/05\/WhatsApp-Image-2024-05-21-at-12.18.27-233x300.jpeg 233w, https:\/\/mgieada.com.br\/site\/wp-content\/uploads\/2024\/05\/WhatsApp-Image-2024-05-21-at-12.18.27-768x988.jpeg 768w, https:\/\/mgieada.com.br\/site\/wp-content\/uploads\/2024\/05\/WhatsApp-Image-2024-05-21-at-12.18.27-1194x1536.jpeg 1194w, https:\/\/mgieada.com.br\/site\/wp-content\/uploads\/2024\/05\/WhatsApp-Image-2024-05-21-at-12.18.27.jpeg 1244w\" sizes=\"(max-width: 796px) 100vw, 796px\" \/><\/figure>\n\n\n\n<p>A Palavra de Deus ser\u00e1 ministrada pelos Pregadores: <strong>Pb. F\u00e1bio (MGIEADA Rua 18)<\/strong> e <strong>Pb. Felipe (MGIEADA Manilha)<\/strong>.<\/p>\n\n\n\n<p>Venha adorar ao Senhor e receber de Deus o renovo para sua vida!<\/p>\n\n\n\n<p>Convide seus amigos e familiares, Deus far\u00e1 algo grande neste lugar! Venha e participe!<\/p>\n","protected":false},"excerpt":{"rendered":"<p>No m\u00eas de maio deste corrente ano, teremos em nossa Filial Vila 3 localizada na Rua Manoel Ivo, 33 &#8211;<\/p>\n","protected":false},"author":8,"featured_media":2145,"comment_status":"closed","ping_status":"open","sticky":false,"template":"","format":"standard","meta":{"footnotes":""},"categories":[24,21,61],"tags":[],"_links":{"self":[{"href":"https:\/\/mgieada.com.br\/site\/wp-json\/wp\/v2\/posts\/2143"}],"collection":[{"href":"https:\/\/mgieada.com.br\/site\/wp-json\/wp\/v2\/posts"}],"about":[{"href":"https:\/\/mgieada.com.br\/site\/wp-json\/wp\/v2\/types\/post"}],"author":[{"embeddable":true,"href":"https:\/\/mgieada.com.br\/site\/wp-json\/wp\/v2\/users\/8"}],"replies":[{"embeddable":true,"href":"https:\/\/mgieada.com.br\/site\/wp-json\/wp\/v2\/comments?post=2143"}],"version-history":[{"count":1,"href":"https:\/\/mgieada.com.br\/site\/wp-json\/wp\/v2\/posts\/2143\/revisions"}],"predecessor-version":[{"id":2146,"href":"https:\/\/mgieada.com.br\/site\/wp-json\/wp\/v2\/posts\/2143\/revisions\/2146"}],"wp:featuredmedia":[{"embeddable":true,"href":"https:\/\/mgieada.com.br\/site\/wp-json\/wp\/v2\/media\/2145"}],"wp:attachment":[{"href":"https:\/\/mgieada.com.br\/site\/wp-json\/wp\/v2\/media?parent=2143"}],"wp:term":[{"taxonomy":"category","embeddable":true,"href":"https:\/\/mgieada.com.br\/site\/wp-json\/wp\/v2\/categories?post=2143"},{"taxonomy":"post_tag","embeddable":true,"href":"https:\/\/mgieada.com.br\/site\/wp-json\/wp\/v2\/tags?post=2143"}],"curies":[{"name":"wp","href":"https:\/\/api.w.org\/{rel}","templated":true}]}}