{"id":2225,"date":"2026-01-30T16:15:41","date_gmt":"2026-01-30T18:15:41","guid":{"rendered":"https:\/\/mgieada.com.br\/site\/?p=2225"},"modified":"2026-01-30T17:07:43","modified_gmt":"2026-01-30T19:07:43","slug":"e-b-o-2026-escola-biblica-de-obreiros-23-a-27-de-marco","status":"publish","type":"post","link":"https:\/\/mgieada.com.br\/site\/e-b-o-2026-escola-biblica-de-obreiros-23-a-27-de-marco\/","title":{"rendered":"E.B.O. 2026 &#8211; Escola B\u00edblica de Obreiros &#8211; 23 a 27 de mar\u00e7o"},"content":{"rendered":"\n<p>O Minist\u00e9rio Geral da Igreja Evang\u00e9lica Assembleia de Deus em Alc\u00e2ntara &#8211; MGIEADA, no m\u00eas de mar\u00e7o do corrente ano, estar\u00e1 realizando a sua d\u00e9cima segunda edi\u00e7\u00e3o da E.B.O. (Escola B\u00edblica de Obreiros), com a participa\u00e7\u00e3o de grandes l\u00edderes Crist\u00e3os.<\/p>\n\n\n\n<p>O Coordenador Evangelista Paulo Henrique, e toda sua equipe, est\u00e3o empenhados para esse grande evento, que ir\u00e1 acontecer na Rua Manuel Jo\u00e3o Gon\u00e7alves, 778 &#8211; Alc\u00e2ntara &#8211; S\u00e3o Gon\u00e7alo\/ RJ. <\/p>\n\n\n\n<figure class=\"wp-block-gallery has-nested-images columns-default is-cropped wp-block-gallery-1 is-layout-flex wp-block-gallery-is-layout-flex\">\n<figure class=\"wp-block-image size-large\"><img loading=\"lazy\" decoding=\"async\" width=\"1024\" height=\"576\" data-id=\"2226\" src=\"https:\/\/mgieada.com.br\/site\/wp-content\/uploads\/2026\/01\/WhatsApp-Image-2025-11-27-at-20.17.12-1024x576.jpeg\" alt=\"\" class=\"wp-image-2226\" srcset=\"https:\/\/mgieada.com.br\/site\/wp-content\/uploads\/2026\/01\/WhatsApp-Image-2025-11-27-at-20.17.12-1024x576.jpeg 1024w, https:\/\/mgieada.com.br\/site\/wp-content\/uploads\/2026\/01\/WhatsApp-Image-2025-11-27-at-20.17.12-300x169.jpeg 300w, https:\/\/mgieada.com.br\/site\/wp-content\/uploads\/2026\/01\/WhatsApp-Image-2025-11-27-at-20.17.12-768x432.jpeg 768w, https:\/\/mgieada.com.br\/site\/wp-content\/uploads\/2026\/01\/WhatsApp-Image-2025-11-27-at-20.17.12-1536x864.jpeg 1536w, https:\/\/mgieada.com.br\/site\/wp-content\/uploads\/2026\/01\/WhatsApp-Image-2025-11-27-at-20.17.12.jpeg 1600w\" sizes=\"(max-width: 1024px) 100vw, 1024px\" \/><\/figure>\n<\/figure>\n\n\n\n<ul>\n<li>Com a presen\u00e7a confirmada do Pr. Adilson Henrique dos Santos (Pastor Presidente da Assembleia de Deus em Jardim Nogueira), Pr. Lauri Villas Boas (Pastor Presidente da\u00a0Assembleia de Deus Central em Bonsucesso) e Pr. Marcelino Cesar (Pastor Auxiliar da ADPAF &#8211; Assembleia de Deus do Parque Fluminense, em Duque de Caxias\/ RJ, Pastor Presidente Ednaldo Jos\u00e9 dos Santos). <\/li>\n\n\n\n<li>Teremos cinco dias intensos, de segunda a sexta-feira, recheados de coisas boas.<\/li>\n\n\n\n<li>Sorteios, stands de livraria crist\u00e3 e de alimenta\u00e7\u00e3o, E.B.O. KIDS e muito mais.<\/li>\n<\/ul>\n\n\n\n<figure class=\"wp-block-pullquote\"><blockquote><p>O crescimento espiritual ser\u00e1 o ponto forte deste evento. <\/p><\/blockquote><\/figure>\n\n\n\n<p>As inscri\u00e7\u00f5es est\u00e3o acontecendo em todas as Filiais do MGIEADA e a Filial que conseguir alcan\u00e7ar um crescimento de vinte por cento de inscri\u00e7\u00e3o referente ao ano passado (2025), a Congrega\u00e7\u00e3o ir\u00e1 participar de um sorteio especial!<\/p>\n\n\n\n<figure class=\"wp-block-pullquote\"><blockquote><p>A E.B.O. deste ano ser\u00e1 um marco em nosso Minist\u00e9rio<\/p><\/blockquote><\/figure>\n\n\n\n<p>Atrav\u00e9s do nosso canal de atendimento via Whatsapp (98669-0337), voc\u00eas ir\u00e3o conseguir maiores informa\u00e7\u00f5es.<\/p>\n\n\n\n<figure class=\"wp-block-pullquote\"><blockquote><p>N\u00e3o fique de fora! Fa\u00e7a j\u00e1 a sua inscri\u00e7\u00e3o!<\/p><\/blockquote><\/figure>\n\n\n\n<blockquote class=\"wp-block-quote\">\n<p>Procure apresentar-se a Deus aprovado, como obreiro que n\u00e3o tem de que se envergonhar, que maneja bem a palavra da verdade. 2 Tim\u00f3teo 2:15<\/p>\n<\/blockquote>\n","protected":false},"excerpt":{"rendered":"<p>O Minist\u00e9rio Geral da Igreja Evang\u00e9lica Assembleia de Deus em Alc\u00e2ntara &#8211; MGIEADA, no m\u00eas de mar\u00e7o do corrente ano,<\/p>\n","protected":false},"author":8,"featured_media":2230,"comment_status":"closed","ping_status":"open","sticky":false,"template":"","format":"standard","meta":{"footnotes":""},"categories":[140,63,23,141],"tags":[],"_links":{"self":[{"href":"https:\/\/mgieada.com.br\/site\/wp-json\/wp\/v2\/posts\/2225"}],"collection":[{"href":"https:\/\/mgieada.com.br\/site\/wp-json\/wp\/v2\/posts"}],"about":[{"href":"https:\/\/mgieada.com.br\/site\/wp-json\/wp\/v2\/types\/post"}],"author":[{"embeddable":true,"href":"https:\/\/mgieada.com.br\/site\/wp-json\/wp\/v2\/users\/8"}],"replies":[{"embeddable":true,"href":"https:\/\/mgieada.com.br\/site\/wp-json\/wp\/v2\/comments?post=2225"}],"version-history":[{"count":2,"href":"https:\/\/mgieada.com.br\/site\/wp-json\/wp\/v2\/posts\/2225\/revisions"}],"predecessor-version":[{"id":2238,"href":"https:\/\/mgieada.com.br\/site\/wp-json\/wp\/v2\/posts\/2225\/revisions\/2238"}],"wp:featuredmedia":[{"embeddable":true,"href":"https:\/\/mgieada.com.br\/site\/wp-json\/wp\/v2\/media\/2230"}],"wp:attachment":[{"href":"https:\/\/mgieada.com.br\/site\/wp-json\/wp\/v2\/media?parent=2225"}],"wp:term":[{"taxonomy":"category","embeddable":true,"href":"https:\/\/mgieada.com.br\/site\/wp-json\/wp\/v2\/categories?post=2225"},{"taxonomy":"post_tag","embeddable":true,"href":"https:\/\/mgieada.com.br\/site\/wp-json\/wp\/v2\/tags?post=2225"}],"curies":[{"name":"wp","href":"https:\/\/api.w.org\/{rel}","templated":true}]}}